{"id":748,"date":"2018-04-23T17:58:43","date_gmt":"2018-04-23T16:58:43","guid":{"rendered":"http:\/\/www.dannratemal.de\/?p=748"},"modified":"2018-08-17T12:41:35","modified_gmt":"2018-08-17T11:41:35","slug":"feste-im-raum-offenbach-und-frankfurt-sommer-2018-rhein-main-gebiet","status":"publish","type":"post","link":"https:\/\/www.dannratemal.de\/?p=748","title":{"rendered":"Feste im Raum Offenbach und Frankfurt \u2013 Sommer 2018 (Rhein-Main Gebiet)"},"content":{"rendered":"<p><strong>Und da kommt der Sommer ja schon wieder \ud83d\ude09 &#8230; und bevor ich es vergesse fange ich schon mal mit ein paar Terminen an.<\/strong><\/p>\n<p><strong>Alle Feste mit Datum 2018 sind aktualisiert ! Sollte nach dem Datum ?? stehen, ist das noch vom alten Jahr und ich werde schauen das neue Datum zu finden und zu aktualisieren !<\/strong><\/p>\n<p><strong>Hier mal wieder eine kleine \u00dcbersicht von Strassenfesten im Raum Offenbach, Frankfurt und auch etwas weiter weg. Es sind einige sch\u00f6ne Veranstaltungen dabei, aber auch einige die ich selbst nicht kenne. Vielleicht ist ja das ein oder andere dabei was man noch nicht kennt. Viel Spa\u00df beim Besuch \ud83d\ude42<\/strong><\/p>\n<p>F\u00fcr Erg\u00e4nzungen und \u00c4nderungen bin ich offen \ud83d\ude42<\/p>\n<p><span style=\"color: #ff0000;\"><strong>Update: 17.08.2018<\/strong><\/span><\/p>\n<table border=\"1\" cellspacing=\"0\" cellpadding=\"10\">\n<tbody>\n<tr>\n<th>Datum:<\/th>\n<th>Ort:<\/th>\n<th>Webseite:<\/th>\n<\/tr>\n<tr>\n<th>April<\/th>\n<th><\/th>\n<th><\/th>\n<\/tr>\n<tr>\n<td>22.04.2018 (So.)<\/td>\n<td>Frankfurt, Oberrad &#8211; Schecker Hoffest &#8211; Schecker\u2019s Gr\u00fcne So\u00dfe Fest<\/td>\n<td><a href=\"http:\/\/www.schecker.com\/feste-im-gadde\/\" target=\"_blank\">Schecker\u2019s Gr\u00fcne So\u00dfe Fest<\/a><\/td>\n<\/tr>\n<tr>\n<td>27.04.-01.05.2018 (Fr.-Di.)<br \/>\n12-22 Uhr<\/td>\n<td>15. Bornheimer Weinfest, Frankfurt<\/td>\n<td><a href=\"http:\/\/www.bornheim-frankfurt.de\/index.php?id=weinfest-bornheim\" target=\"_blank\">Bornheimer Weinfest<\/a><\/td>\n<\/tr>\n<tr>\n<td>30.04.2018 (Mo.)<\/td>\n<td>Tanz in den Mai auf dem Wilhelmsplatz, Offenbach<\/td>\n<td><a href=\"http:\/\/www.markthaus.eu\/\" target=\"_blank\">markthaus.eu<\/a><\/td>\n<\/tr>\n<tr>\n<th>Mai<\/th>\n<th><\/th>\n<th><\/th>\n<\/tr>\n<tr>\n<td>01.05.2018 (Di.)<\/td>\n<td>Wasserh\u00e4usje am Maa &#8211; Er\u00f6ffnung, Rumpenheim &#8211; Offenbach<\/td>\n<td><a href=\"http:\/\/www.schiffchen.eu\/\" target=\"_blank\">schiffchen.eu<\/a><\/td>\n<\/tr>\n<tr>\n<td>11.05.-13.05.2018 (Fr.-So.)<\/td>\n<td>31. Weinfest &#8211; Bad Homburg<\/td>\n<td><a href=\"http:\/\/www.bad-homburg.de\" target=\"_blank\">www.bad-homburg.de<\/a><\/td>\n<\/tr>\n<tr>\n<td>14.05. ???? (So.)<\/td>\n<td>20. Triebstra\u00dfenfest &#8211; Frankfurt<\/td>\n<td><a href=\"http:\/\/frankfurt-interaktiv.de\/\" target=\"_blank\">Stadtteilfeste<\/a><\/td>\n<\/tr>\n<tr>\n<td>13.05.2018 (So.) 12-22 Uhr<\/td>\n<td>Heusenstamm &#8211; Bahnhofsfest<\/td>\n<td><a href=\"http:\/\/www.stadt-heusenstamm.de\/\" target=\"_blank\">stadt-heusenstamm.de<\/a><\/td>\n<\/tr>\n<tr>\n<td>19.05.-22.05.2018 (Sa.-Di.)<\/td>\n<td>W\u00e4ldchestag &#8211; Frankfurt<\/td>\n<td><a href=\"http:\/\/www.frankfurt-tourismus.de\/Media\/Veranstaltungen\/Waeldchestag\" target=\"_blank\">W\u00e4ldchestag<\/a><\/td>\n<\/tr>\n<tr>\n<td>19.05.-22.05.2018 (Sa.-Di.)<\/td>\n<td>67. Okrifteler W\u00e4ldchesfest<\/td>\n<td><a href=\"http:\/\/www.hattersheim.de\/\" target=\"_blank\">hattersheim.de<\/a><\/td>\n<\/tr>\n<tr>\n<td>23.05.-01.06.2018 (Mi.-Fr.)<\/td>\n<td>Fressgassfest &#8211; Frankfurt<\/td>\n<td><a href=\"http:\/\/www.frankfurt.de\/sixcms\/detail.php?id=3800&amp;_ffmpar[_id_inhalt]=12224215\" target=\"_blank\">frankfurt.de<\/a><\/td>\n<\/tr>\n<tr>\n<td>25.05.-27.05.2018 (Fr.-So.)<\/td>\n<td>Hainburger Markt<\/td>\n<td><a href=\"http:\/\/www.gv-hainburg.de\/index.php\/hainburger-markt-2015\" target=\"_blank\">Hainburger Markt<\/a><\/td>\n<\/tr>\n<tr>\n<td>25.05.-28.05.2018 (Fr.-Mo.)<\/td>\n<td>Oberursel (39. Brunnenfest)<\/td>\n<td><a href=\"http:\/\/www.oberursel.de\/\" target=\"_blank\">www.oberursel.de<\/a><\/td>\n<\/tr>\n<tr>\n<td>26.05.-27.05.2018 (Sa.-So.)<\/td>\n<td>1. M\u00fchlheimer Mai Markt (Sa. 14-22 Uhr, So. 12-18 Uhr<\/td>\n<td><a href=\"http:\/\/www.gewerbeverein-muehlheim.de\" target=\"_blank\">gewerbeverein-muehlheim.de<\/a><\/td>\n<\/tr>\n<tr>\n<td>31.05.-03.06.2018 (Do.-So.)<\/td>\n<td>18. Schlossgrabenfest &#8211; Darmstadt Innenstadt<\/td>\n<td><a href=\"http:\/\/www.schlossgrabenfest.de\" target=\"_blank\">www.schlossgrabenfest.de<\/a><\/td>\n<\/tr>\n<tr>\n<th>Juni<\/th>\n<th><\/th>\n<th><\/th>\n<\/tr>\n<tr>\n<td>01.06.-04.06.2018 (Fr.-Mo.)<\/td>\n<td>23. Offenbacher Woche &#8211; Innenstadt<\/td>\n<td><a href=\"http:\/\/www.treffpunkt-of.de\/\" target=\"_blank\">treffpunkt-of.de<\/a><\/td>\n<\/tr>\n<tr>\n<td>01.06.-03.06.2018 (Fr.-So.)<\/td>\n<td>Stadtteilfest Zeppelinheim<\/td>\n<td><a href=\"http:\/\/www.hugenottenhalle.de\" target=\"_blank\">www.hugenottenhalle.de<\/a><\/td>\n<\/tr>\n<tr>\n<td>02.06.2018 (Sa. ab 16 Uhr)<\/td>\n<td>Spanisches Waldfest &#8211; Fiesta del Bosque (Obertshausen, Waldfestplatz Badstra\u00dfe)<\/td>\n<td><a href=\"http:\/\/apfobertshausen.wordpress.com\/\" target=\"_blank\">Spanisches Waldfest<\/a><\/td>\n<\/tr>\n<tr>\n<td>02.06.-03.06.2018 (Sa.-So.) jeweils ab 12 Uhr<\/td>\n<td>unteres Berger Strassenfest (Frankfurt)<\/td>\n<td><a href=\"https:\/\/www.frankfurt.de\/sixcms\/detail.php?id=3940&#038;_ffmpar%5B_id_inhalt%5D=8418\" target=\"_blank\">www.frankfurt.de<\/a><\/td>\n<\/tr>\n<tr>\n<td>07.06.-10.06.2018 (Do.-So.)<\/td>\n<td>2. Offenbacher Festival Culinario (am deutschen Ledermuseum)<\/td>\n<td><a href=\"http:\/\/armig.eu\/\" target=\"_blank\">www.armig.eu<\/a><\/td>\n<\/tr>\n<tr>\n<td>08.06.-09.06.2018 (Fr.-Sa.)<\/td>\n<td>41. Wilhelmstra\u00dfenfest &#8211; Wiesbaden<\/td>\n<td><a href=\"http:\/\/www.wiesbaden.de\/leben-in-wiesbaden\/freizeit\/feste-maerkte\/feste\/wilhelmstrassenfest.php\" target=\"_blank\">www.wiesbaden.de<\/a><\/td>\n<\/tr>\n<tr>\n<td>08.06.-10.06.2018 (Fr.-So.)<\/td>\n<td>382. Lamboyfest &#8211; Hanau<\/td>\n<td><a href=\"http:\/\/www.hanau.de\/lih\/sport\/feste\/lamboy\/index.html\" target=\"_blank\">www.hanau.de<\/a><\/td>\n<\/tr>\n<tr>\n<td>09.06.-10.06.2018 (Sa.-So.)<\/td>\n<td>1000 Jahre Reichstag, Offenbach &#8211; Mainufer B\u00fcrgel (Reichstag)<\/td>\n<td><a href=\"https:\/\/www.raga-buergel.de\/veranstaltungen\" target=\"_blank\">Raga B\u00fcrgel<\/a><\/td>\n<\/tr>\n<tr>\n<td>09.06.2018 (Sa.)<\/td>\n<td>35. Schweizer Stra\u00dfenfest (Frankfurt)<\/p>\n<p><td><a href=\"http:\/\/www.die-schweizerstrasse.de\" target=\"_blank\">www.die-schweizerstrasse.de<\/a><\/p>\n<\/td>\n<tr>\n<td>10.06.-11.06. ?????? (Sa.-So.)<\/td>\n<td>14. Babenh\u00e4user Wein- &amp; Spargelfest<\/td>\n<td><a href=\"http:\/\/www.gremium-babenhausen.de\/\" target=\"_blank\">gremium-babenhausen.de<\/a><\/td>\n<\/tr>\n<tr>\n<td>10.06.2018 (So.)<\/td>\n<td>Bieberer Markt (Offenbach)<\/td>\n<td><a href=\"http:\/\/www.bieber-net.de\/\" target=\"_blank\">www.bieber-net.de<\/a><\/td>\n<\/tr>\n<tr>\n<td>15.06.-25.06.2018 (Do.-Mo.)<\/td>\n<td>Aschaffenburg &#8211; 91. Volksfest (am Main)<\/td>\n<td><a href=\"http:\/\/www.aschaffenburg-volksfest.de\/\" target=\"_blank\">www.aschaffenburg-volksfest.de<\/a><\/td>\n<\/tr>\n<tr>\n<td>15.06.-17.06.2018 (Fr.-So.)<\/td>\n<td>36. Altstadtfest &#8211; Neu-Isenburg<\/td>\n<td><a href=\"http:\/\/www.hugenottenhalle.de\" target=\"_blank\">www.hugenottenhalle.de<\/a><\/td>\n<\/tr>\n<tr>\n<td>16.06.-17.06.2018 (Sa.-So.), Ab 16 bzw. 11 Uhr<\/td>\n<td>32. Mainuferfest, Fest der Vereine (Offenbach)<\/p>\n<p><td><a href=\"http:\/\/www.offenbach.de\/\" target=\"_blank\">www.offenbach.de<\/a><\/p>\n<\/td>\n<tr>\n<td>22.06.-25.06.2018 (Fr.-Mo.)<\/td>\n<td>45. Ebbelwoifest (Langen)<\/td>\n<td><a href=\"http:\/\/www.langen.de\/\" target=\"_blank\">www.langen.de<\/a><\/td>\n<\/tr>\n<tr>\n<td>22.06.2018 (Fr., ab 18 Uhr)<\/td>\n<td>Hanau &#8211; Steinheim \/ Johannisfeuer und Altstadtfest<\/td>\n<td>&#8211;<\/td>\n<\/tr>\n<tr>\n<td>24.06.2018 (So.)<\/td>\n<td>Fest ohne Grenzen (Dietzenbach)<\/td>\n<td><a href=\"http:\/\/www.dietzenbach.de\/\" target=\"_blank\">dietzenbach.de<\/a><\/td>\n<\/tr>\n<tr>\n<td>23.06.-09.07.2018 (Sa.-Mo.)<\/td>\n<td>62. H\u00f6chster Schlossfest (Frankfurt)<\/td>\n<td><a href=\"http:\/\/www.vereinsring-hoechst.de\/\" target=\"_blank\">vereinsring-hoechst.de<\/a><\/td>\n<\/tr>\n<tr>\n<td>27.06.-06.07.2018 (Mi.-Fr.)<\/td>\n<td>Opernplatzfest &#8211; Frankfurt<\/td>\n<td><a href=\"http:\/\/www.frankfurt.de\/\" target=\"_blank\">frankfurt.de<\/a><\/td>\n<\/tr>\n<tr>\n<td>28.06.-02.07.2018 (Do.-Mo.)<\/td>\n<td>67. Darmstadt &#8211; Heinerfest<\/td>\n<td><a href=\"http:\/\/www.darmstaedterheinerfest.eu\/\" target=\"_blank\">www.darmstaedterheinerfest.eu<\/a><\/td>\n<\/tr>\n<tr>\n<td>29.06.-01.07.2018 (Fr.-So.)<\/td>\n<td>1. M\u00fchlheimer Bierfest (M\u00fchlheim am Main)<\/td>\n<td><a href=\"https:\/\/www.muehlheim.de\/veranstaltungen-stadt-muehlheim-am-main\" target=\"_blank\">www.muehlheim.de<\/a><\/td>\n<\/tr>\n<tr>\n<td>30.06.-01.07.2018 (Sa.-So.)<\/td>\n<td>H\u00f6chster Schlossfest &#8211; Altstadtfest (Frankfurt)<\/td>\n<td><a href=\"http:\/\/www.vereinsring-hoechst.de\/\" target=\"_blank\">vereinsring-hoechst.de<\/a><\/td>\n<\/tr>\n<tr>\n<th>Juli<\/th>\n<th><\/th>\n<th><\/th>\n<\/tr>\n<tr>\n<td>03.07.-09.07.2018 (Mi.-Mo.)<\/td>\n<td>9. Obertsh\u00e4user Weinfest<\/td>\n<td><a href=\"http:\/\/www.obertshausen.de\/\" target=\"_blank\">obertshausen.de<\/a><\/td>\n<\/tr>\n<tr>\n<td>06.07.-08.07.2018 (Fr.-So.)<\/td>\n<td>21. HfG-Rundgang (Offenbach)<\/td>\n<td><a href=\"http:\/\/www.hfg-offenbach.de\/\" target=\"_blank\">HfG Offenbach<\/a><\/td>\n<\/tr>\n<tr>\n<td>13.07.-15.07.2018 (Fr.-So.)<\/td>\n<td>Bierb\u00f6rse &#8211; Mainz, Rheinufer<\/td>\n<td><a href=\"http:\/\/www.bierboerse.com\/\" target=\"_blank\">www.bierboerse.com<\/a><\/td>\n<\/tr>\n<tr>\n<td>20.07.-22.07.2018 (Fr.-So.)<\/td>\n<td>26. Open Doors (Neu-Isenburg)<\/td>\n<td><a href=\"http:\/\/www.open-doors-festival.de\" target=\"_blank\">www.open-doors-festival.de<\/a><\/td>\n<\/tr>\n<tr>\n<td>20.07.-05.08.2018 (Fr.-So.)<\/td>\n<td>17. Sommerwerft Open Air Theaterfestival am Flu\u00df<\/td>\n<td><a href=\"http:\/\/www.sommerwerft.de\/\" target=\"_blank\">www.sommerwerft.de<\/a><\/td>\n<\/tr>\n<tr>\n<td>27.07.-27.07.2018 (Fr.-So.)<\/td>\n<td>Mainzer Sommerlichter 2018<\/td>\n<td><a href=\"https:\/\/www.mainzer-sommerlichter.de\/\" target=\"_blank\">www.mainzer-sommerlichter.de<\/a><\/td>\n<\/tr>\n<tr>\n<th>August<\/th>\n<th><\/th>\n<th><\/th>\n<\/tr>\n<tr>\n<td>03.08.-05.08.2018 (Fr.-So.)<\/td>\n<td>13. Berler Maa-Fest, Offenbach &#8211; Mainufer B\u00fcrgel (Reichstag)<\/td>\n<td><a href=\"http:\/\/www.tsg-buergel.de\/\" target=\"_blank\">TSG B\u00fcrgel<\/a><\/td>\n<\/tr>\n<tr>\n<td>05.08.2018 (So.)<\/td>\n<td>Frankfurt, Oberrad &#8211; Schecker Tomatenfest<\/td>\n<td><a href=\"http:\/\/www.schecker.com\/feste-im-gadde\/\" target=\"_blank\">Schecker Tomatenfest<\/a><\/td>\n<\/tr>\n<tr>\n<td>10.-12.08.2018 (Fr.-So.)<\/td>\n<td>4. Dudenh\u00f6fer Bierfest<\/td>\n<td><a href=\"https:\/\/www.pv-dudenhofen-nieuwpoort.de\/\" target=\"_blank\">pv-dudenhofen-nieuwpoort.de<\/a><\/td>\n<\/tr>\n<tr>\n<td>10.-19.08.2018 (Fr.-So.)<\/td>\n<td>Apfelweinfestival, Frankfurt<\/td>\n<td><a href=\"https:\/\/www.frankfurt-tourismus.de\/Entdecken-und-Erleben\/Veranstaltungen\/Volksfeste-Festivals-und-Maerkte\/Frankfurter-Apfelweinfestival\" target=\"_blank\">frankfurt-tourismus.de<\/a><\/td>\n<\/tr>\n<tr>\n<td>11.08.2018 (Sa.)<\/td>\n<td>Lichterfest, Offenbach<\/td>\n<td><a href=\"https:\/\/www.offenbach.de\/kultur-und-tourismus\/veranstaltungen\/Highlights\/veranstaltungshighlights-2018.php\" target=\"_blank\">offenbach.de<\/a><\/td>\n<\/tr>\n<tr>\n<td>11-12.08.2018 (Sa.-So.)<\/td>\n<td>Osthafen-Festival, Frankfurt<\/td>\n<td><a href=\"https:\/\/www.osthafenfestival.de\/\" target=\"_blank\">osthafenfestival.de<\/a><\/td>\n<\/tr>\n<tr>\n<td>12.08.2018 (So.)<\/td>\n<td>2. Senefelder Stra\u00dfenfest, Offenbach (zwischen Marien- und Hermannstra\u00dfe), 14-19 Uhr<\/td>\n<td><a href=\"http:\/\/stadtbiotop.tumblr.com\/\" target=\"_blank\">stadtbiotop.tumblr.com<\/a><\/td>\n<\/tr>\n<tr>\n<td>15.08.2018 (Mi.)<\/td>\n<td>oberes Berger Strassenfest (Frankfurt), Ab 14 Uhr<\/td>\n<td><a href=\"http:\/\/www.bernemer-kerb.de\" target=\"_blank\">www.bernemer-kerb.de<\/a><\/td>\n<\/tr>\n<tr>\n<td>16.08.2018 (Do.)<\/td>\n<td>Bahnhofsviertelnacht (Frankfurt), Ab 18 Uhr<\/td>\n<td><a href=\"http:\/\/bahnhofsviertel-ffm.de\/\" target=\"_blank\">www.bahnhofsviertel-ffm.de<\/a><\/td>\n<\/tr>\n<tr>\n<td>17.-19.08.2018 (Fr.-So.)<\/td>\n<td>MAIN MATSURI &#8211; Japan-Festival (Frankfurt)<\/td>\n<td><a href=\"http:\/\/www.main-matsuri.com\/\" target=\"_blank\">www.main-matsuri.com<\/a><\/td>\n<\/tr>\n<tr>\n<td>18.08.2018 (Sa.)<\/td>\n<td>Altstadtfest in de Strackgass (Offenbach, B\u00fcrgel), Ab 14 Uhr<\/td>\n<td><a href=\"https:\/\/www.raga-buergel.de\/veranstaltungen\" target=\"_blank\">www.raga-buergel.de<\/a><\/td>\n<\/tr>\n<tr>\n<td>24.-26.08.2018 (Fr.-So.)<\/td>\n<td>Museumsuferfest (Frankfurt)<\/td>\n<td><a href=\"http:\/\/www.museumsuferfest.de\/2018\/\" target=\"_blank\">www.museumsuferfest.de<\/a><\/td>\n<\/tr>\n<tr>\n<th>September<\/th>\n<th><\/th>\n<th><\/th>\n<\/tr>\n<tr>\n<td>01.09.2018 (Sa.)<\/td>\n<td>Br\u00fcckenwall \/ Frankfurt-Br\u00fcckenstra\u00dfe, ab 11 Uhr<\/td>\n<td><a href=\"http:\/\/www.facebook.com\/BRUECKENWALL\" target=\"_blank\">Br\u00fcckenwall<\/a><\/td>\n<\/tr>\n<tr>\n<td>02.09.2018 (So.)<\/td>\n<td>Rundroutenfest auf dem Wetterpark, Offenbach<\/td>\n<td><a href=\"https:\/\/www.offenbach.de\/kultur-und-tourismus\/veranstaltungen\/Highlights\/veranstaltungshighlights-2018.php\" target=\"_blank\">offenbach.de<\/a><\/td>\n<\/tr>\n<tr>\n<td>08.09.-09.09.2018 (Sa.-So.)<\/td>\n<td>31. Kulturfest der Nationen &#8211; Offenbach, Wilhelmsplatz, Sa., ab 18 Uhr, So, ab 11 Uhr<\/td>\n<td><a href=\"http:\/\/www.offenbach.de\" target=\"_blank\">www.offenbach.de<\/a><\/td>\n<\/tr>\n<tr>\n<td>08.09.-09.09.2018 (Sa.-So.)<\/td>\n<td>39. Babenh\u00e4user Altstadtfest<\/td>\n<td><a href=\"http:\/\/www.gremium-babenhausen.de\/\" target=\"_blank\">gremium-babenhausen.de<\/a><\/td>\n<\/tr>\n<tr>\n<th>Oktober<\/th>\n<th><\/th>\n<th><\/th>\n<\/tr>\n<tr>\n<td>23.09.2018 (So.)<\/td>\n<td>Frankfurt, Oberrad &#8211; Schecker Erntefest<\/td>\n<td><a href=\"http:\/\/www.schecker.com\/feste-im-gadde\/\" target=\"_blank\">Schecker Erntefest<\/a><\/td>\n<\/tr>\n<tr>\n<th>November<\/th>\n<th><\/th>\n<th><\/th>\n<\/tr>\n<tr>\n<td>24-25.11.2018 (Sa.-So.)<\/td>\n<td>Frankfurt, Oberrad &#8211; Schecker Advent \u201eim Gadde\u201c<\/td>\n<td><a href=\"http:\/\/www.schecker.com\/feste-im-gadde\/\" target=\"_blank\">Schecker Advent \u201eim Gadde\u201c<\/a><\/td>\n<\/tr>\n<\/tbody>\n<\/table>\n<p>Alle Angaben ohne Gew\u00e4hr !<\/p>\n","protected":false},"excerpt":{"rendered":"<p>Und da kommt der Sommer ja schon wieder \ud83d\ude09 &#8230; und bevor ich es vergesse fange ich schon mal mit ein paar Terminen an. Alle Feste mit Datum 2018 sind aktualisiert ! Sollte nach dem Datum ?? stehen, ist das noch vom alten Jahr und ich werde schauen das neue Datum zu finden und zu [&hellip;]<\/p>\n","protected":false},"author":1,"featured_media":0,"comment_status":"open","ping_status":"open","sticky":false,"template":"","format":"standard","meta":{"two_page_speed":[],"footnotes":""},"categories":[12],"tags":[],"class_list":["post-748","post","type-post","status-publish","format-standard","hentry","category-veranstaltungen-feste"],"_links":{"self":[{"href":"https:\/\/www.dannratemal.de\/index.php?rest_route=\/wp\/v2\/posts\/748","targetHints":{"allow":["GET"]}}],"collection":[{"href":"https:\/\/www.dannratemal.de\/index.php?rest_route=\/wp\/v2\/posts"}],"about":[{"href":"https:\/\/www.dannratemal.de\/index.php?rest_route=\/wp\/v2\/types\/post"}],"author":[{"embeddable":true,"href":"https:\/\/www.dannratemal.de\/index.php?rest_route=\/wp\/v2\/users\/1"}],"replies":[{"embeddable":true,"href":"https:\/\/www.dannratemal.de\/index.php?rest_route=%2Fwp%2Fv2%2Fcomments&post=748"}],"version-history":[{"count":22,"href":"https:\/\/www.dannratemal.de\/index.php?rest_route=\/wp\/v2\/posts\/748\/revisions"}],"predecessor-version":[{"id":795,"href":"https:\/\/www.dannratemal.de\/index.php?rest_route=\/wp\/v2\/posts\/748\/revisions\/795"}],"wp:attachment":[{"href":"https:\/\/www.dannratemal.de\/index.php?rest_route=%2Fwp%2Fv2%2Fmedia&parent=748"}],"wp:term":[{"taxonomy":"category","embeddable":true,"href":"https:\/\/www.dannratemal.de\/index.php?rest_route=%2Fwp%2Fv2%2Fcategories&post=748"},{"taxonomy":"post_tag","embeddable":true,"href":"https:\/\/www.dannratemal.de\/index.php?rest_route=%2Fwp%2Fv2%2Ftags&post=748"}],"curies":[{"name":"wp","href":"https:\/\/api.w.org\/{rel}","templated":true}]}}